{"id":2908,"date":"2025-11-12T16:32:00","date_gmt":"2025-11-12T16:32:00","guid":{"rendered":"http:\/\/projetos.webthomaz.com\/prafrentebrasil\/?p=2908"},"modified":"2025-12-16T18:32:21","modified_gmt":"2025-12-16T18:32:21","slug":"grupo-pra-frente-brasil-celebra-colaboradores-com-ate-30-anos-de-dedicacao","status":"publish","type":"post","link":"https:\/\/projetos.webthomaz.com\/prafrentebrasil\/grupo-pra-frente-brasil-celebra-colaboradores-com-ate-30-anos-de-dedicacao\/","title":{"rendered":"Grupo Pra Frente Brasil celebra colaboradores com at\u00e9 30 anos de dedica\u00e7\u00e3o!"},"content":{"rendered":"\n<p>O&nbsp;<strong>Grupo Pra Frente Brasil<\/strong>&nbsp;promoveu um momento especial de reconhecimento e gratid\u00e3o: a homenagem aos profissionais que completaram&nbsp;<strong>5, 10, 15, 20, 25 e at\u00e9 30 anos de casa<\/strong>. Esse gesto refor\u00e7a n\u00e3o apenas a longevidade das carreiras, mas tamb\u00e9m a confian\u00e7a e o compromisso que sustentam a nossa hist\u00f3ria. \u2705<\/p>\n\n\n\n<p>Durante a celebra\u00e7\u00e3o, cada colaborador recebeu uma&nbsp;<strong>homenagem personalizada<\/strong>, reconhecendo a import\u00e2ncia de sua jornada. S\u00e3o anos de dedica\u00e7\u00e3o que ajudaram a construir um grupo s\u00f3lido, humano e comprometido com o futuro.<br>E o reconhecimento n\u00e3o ficou restrito \u00e0 sede. Em nossas filiais, tamb\u00e9m promovemos momentos de celebra\u00e7\u00e3o, para que todos sentissem o orgulho e a valoriza\u00e7\u00e3o de pertencer \u00e0 Fam\u00edlia PFB. Afinal, cada unidade \u00e9 pe\u00e7a essencial para o nosso crescimento e para a continuidade da nossa trajet\u00f3ria. \ud83d\ude0a<\/p>\n\n\n\n<p>Mais do que uma cerim\u00f4nia, a ocasi\u00e3o foi um lembrete de que o sucesso do Grupo Pra Frente Brasil \u00e9 fruto do esfor\u00e7o coletivo. S\u00e3o pessoas que, todos os dias, colocam em movimento a nossa miss\u00e3o de&nbsp;<strong>conectar hist\u00f3rias, impulsionar sonhos e seguir sempre para frente.<\/strong><\/p>\n\n\n\n<p>A todos os homenageados, o nosso muito obrigado por fazerem parte dessa hist\u00f3ria! \ud83d\udc99<\/p>\n","protected":false},"excerpt":{"rendered":"<p>O&nbsp;Grupo Pra Frente Brasil&nbsp;promoveu um momento especial de reconhecimento e gratid\u00e3o: a homenagem aos profissionais que completaram&nbsp;5, 10, 15, 20, 25 e at\u00e9 30 anos de casa. Esse gesto refor\u00e7a n\u00e3o apenas a longevidade das carreiras, mas tamb\u00e9m a confian\u00e7a e o compromisso que sustentam a nossa hist\u00f3ria. \u2705 Durante a celebra\u00e7\u00e3o, cada colaborador recebeu [&hellip;]<\/p>\n","protected":false},"author":1,"featured_media":2909,"comment_status":"open","ping_status":"open","sticky":false,"template":"","format":"standard","meta":{"_joinchat":[],"footnotes":""},"categories":[30],"tags":[36,35],"class_list":["post-2908","post","type-post","status-publish","format-standard","has-post-thumbnail","hentry","category-destaque-principal","tag-pfb","tag-teste"],"_links":{"self":[{"href":"https:\/\/projetos.webthomaz.com\/prafrentebrasil\/wp-json\/wp\/v2\/posts\/2908","targetHints":{"allow":["GET"]}}],"collection":[{"href":"https:\/\/projetos.webthomaz.com\/prafrentebrasil\/wp-json\/wp\/v2\/posts"}],"about":[{"href":"https:\/\/projetos.webthomaz.com\/prafrentebrasil\/wp-json\/wp\/v2\/types\/post"}],"author":[{"embeddable":true,"href":"https:\/\/projetos.webthomaz.com\/prafrentebrasil\/wp-json\/wp\/v2\/users\/1"}],"replies":[{"embeddable":true,"href":"https:\/\/projetos.webthomaz.com\/prafrentebrasil\/wp-json\/wp\/v2\/comments?post=2908"}],"version-history":[{"count":1,"href":"https:\/\/projetos.webthomaz.com\/prafrentebrasil\/wp-json\/wp\/v2\/posts\/2908\/revisions"}],"predecessor-version":[{"id":2910,"href":"https:\/\/projetos.webthomaz.com\/prafrentebrasil\/wp-json\/wp\/v2\/posts\/2908\/revisions\/2910"}],"wp:featuredmedia":[{"embeddable":true,"href":"https:\/\/projetos.webthomaz.com\/prafrentebrasil\/wp-json\/wp\/v2\/media\/2909"}],"wp:attachment":[{"href":"https:\/\/projetos.webthomaz.com\/prafrentebrasil\/wp-json\/wp\/v2\/media?parent=2908"}],"wp:term":[{"taxonomy":"category","embeddable":true,"href":"https:\/\/projetos.webthomaz.com\/prafrentebrasil\/wp-json\/wp\/v2\/categories?post=2908"},{"taxonomy":"post_tag","embeddable":true,"href":"https:\/\/projetos.webthomaz.com\/prafrentebrasil\/wp-json\/wp\/v2\/tags?post=2908"}],"curies":[{"name":"wp","href":"https:\/\/api.w.org\/{rel}","templated":true}]}}