{"id":2905,"date":"2025-11-12T16:31:24","date_gmt":"2025-11-12T16:31:24","guid":{"rendered":"http:\/\/projetos.webthomaz.com\/prafrentebrasil\/?p=2905"},"modified":"2025-11-12T18:07:00","modified_gmt":"2025-11-12T18:07:00","slug":"transportadora-pra-frente-brasil-e-reconhecida-como-a-melhor-do-pais-no-programa-gestao-360-da-raizen","status":"publish","type":"post","link":"https:\/\/projetos.webthomaz.com\/prafrentebrasil\/transportadora-pra-frente-brasil-e-reconhecida-como-a-melhor-do-pais-no-programa-gestao-360-da-raizen\/","title":{"rendered":"Transportadora Pra Frente Brasil \u00e9 reconhecida como a melhor do pa\u00eds no Programa Gest\u00e3o 360\u00b0 da Ra\u00edzen"},"content":{"rendered":"\n<h3 class=\"wp-block-heading\">Na noite do dia 13 de junho, a Transportadora Pra Frente Brasil escreveu mais um cap\u00edtulo marcante da sua hist\u00f3ria.&nbsp;Durante a cerim\u00f4nia do&nbsp;Programa Gest\u00e3o 360\u00b0, promovido pela Ra\u00edzen para a safra 2024\/2025,&nbsp;fomos premiados com o&nbsp;t\u00edtulo mais aguardado do evento:&nbsp;<strong>1\u00ba lugar nacional como Melhor Transportadora na categoria Superbitrem.<\/strong>&nbsp;\ud83c\udfc6<\/h3>\n\n\n\n<p>Esse reconhecimento, que muito nos orgulha, n\u00e3o veio sozinho. Tamb\u00e9m conquistamos:<\/p>\n\n\n\n<ul class=\"wp-block-list\">\n<li>\ud83e\udd47\u00a0<strong>1\u00ba lugar no Transporte Secund\u00e1rio<\/strong>\u00a0\u2013 Categoria Carreta<\/li>\n\n\n\n<li>\ud83e\udd47\u00a0<strong>1\u00ba lugar no Transporte Prim\u00e1rio<\/strong>\u00a0\u2013 Categoria Superbitrem<\/li>\n\n\n\n<li>\ud83e\udd47\u00a0<strong>1\u00ba lugar com a filial de Cascavel<\/strong>\u00a0\u2013 Categoria Superbitrem<\/li>\n<\/ul>\n\n\n\n<h2 class=\"wp-block-heading\">Um time que entrega mais do que resultados<\/h2>\n\n\n\n<p>Essas vit\u00f3rias refletem o compromisso di\u00e1rio de um time que n\u00e3o mede esfor\u00e7os para fazer acontecer. Gente que acorda cedo, que pensa em cada rota com responsabilidade, que prioriza a seguran\u00e7a e faz da excel\u00eancia um padr\u00e3o \u2013 n\u00e3o uma exce\u00e7\u00e3o.<br><br>N\u00e3o se trata apenas de n\u00fameros ou posi\u00e7\u00f5es no p\u00f3dio. Trata-se de&nbsp;<strong>construir uma cultura de qualidade<\/strong>, onde cada colaborador entende seu papel no todo, acredita na miss\u00e3o da empresa e tem orgulho de fazer parte dessa jornada.<\/p>\n\n\n\n<h2 class=\"wp-block-heading\">Gest\u00e3o 360\u00b0: uma vis\u00e3o que conecta performance e parceria<\/h2>\n\n\n\n<p>O&nbsp;<strong>Programa Gest\u00e3o 360\u00b0, da Ra\u00edzen<\/strong>, \u00e9 um importante term\u00f4metro do setor. Ele avalia o desempenho das transportadoras em diferentes frentes, considerando crit\u00e9rios como pontualidade, seguran\u00e7a, conformidade, relacionamento e qualidade das entregas. Ser destaque nesse cen\u00e1rio competitivo \u00e9 a prova de que estamos no caminho certo \u2014 e com o p\u00e9 no acelerador.<\/p>\n\n\n\n<h2 class=\"wp-block-heading\">Um legado que se constr\u00f3i com pessoas<\/h2>\n\n\n\n<p>Essa conquista \u00e9&nbsp;<strong>coletiva<\/strong>. Ela pertence a cada&nbsp;<strong>motorista<\/strong>&nbsp;que pega a estrada com responsabilidade, a cada&nbsp;<strong>operador log\u00edstico<\/strong>&nbsp;que garante fluidez nas opera\u00e7\u00f5es, a cada&nbsp;<strong>gestor<\/strong>&nbsp;que pensa estrategicamente e a cada<strong>&nbsp;colaborador<\/strong>&nbsp;que veste a camisa todos os dias.<br>Celebrar esse momento \u00e9 reconhecer que, quando caminhamos juntos,&nbsp;<strong>chegamos mais longe \u2014 e com mais for\u00e7a.<\/strong><\/p>\n\n\n\n<p>Parab\u00e9ns a todo o time Pra Frente Brasil.&nbsp;<strong>Essa vit\u00f3ria \u00e9 de voc\u00eas. \ud83d\udc99<\/strong><\/p>\n","protected":false},"excerpt":{"rendered":"<p>Na noite do dia 13 de junho, a Transportadora Pra Frente Brasil escreveu mais um cap\u00edtulo marcante da sua hist\u00f3ria.&nbsp;Durante a cerim\u00f4nia do&nbsp;Programa Gest\u00e3o 360\u00b0, promovido pela Ra\u00edzen para a safra 2024\/2025,&nbsp;fomos premiados com o&nbsp;t\u00edtulo mais aguardado do evento:&nbsp;1\u00ba lugar nacional como Melhor Transportadora na categoria Superbitrem.&nbsp;\ud83c\udfc6 Esse reconhecimento, que muito nos orgulha, n\u00e3o veio [&hellip;]<\/p>\n","protected":false},"author":1,"featured_media":2906,"comment_status":"open","ping_status":"open","sticky":false,"template":"","format":"standard","meta":{"_joinchat":[],"footnotes":""},"categories":[1],"tags":[],"class_list":["post-2905","post","type-post","status-publish","format-standard","has-post-thumbnail","hentry","category-uncategorized"],"_links":{"self":[{"href":"https:\/\/projetos.webthomaz.com\/prafrentebrasil\/wp-json\/wp\/v2\/posts\/2905","targetHints":{"allow":["GET"]}}],"collection":[{"href":"https:\/\/projetos.webthomaz.com\/prafrentebrasil\/wp-json\/wp\/v2\/posts"}],"about":[{"href":"https:\/\/projetos.webthomaz.com\/prafrentebrasil\/wp-json\/wp\/v2\/types\/post"}],"author":[{"embeddable":true,"href":"https:\/\/projetos.webthomaz.com\/prafrentebrasil\/wp-json\/wp\/v2\/users\/1"}],"replies":[{"embeddable":true,"href":"https:\/\/projetos.webthomaz.com\/prafrentebrasil\/wp-json\/wp\/v2\/comments?post=2905"}],"version-history":[{"count":1,"href":"https:\/\/projetos.webthomaz.com\/prafrentebrasil\/wp-json\/wp\/v2\/posts\/2905\/revisions"}],"predecessor-version":[{"id":2907,"href":"https:\/\/projetos.webthomaz.com\/prafrentebrasil\/wp-json\/wp\/v2\/posts\/2905\/revisions\/2907"}],"wp:featuredmedia":[{"embeddable":true,"href":"https:\/\/projetos.webthomaz.com\/prafrentebrasil\/wp-json\/wp\/v2\/media\/2906"}],"wp:attachment":[{"href":"https:\/\/projetos.webthomaz.com\/prafrentebrasil\/wp-json\/wp\/v2\/media?parent=2905"}],"wp:term":[{"taxonomy":"category","embeddable":true,"href":"https:\/\/projetos.webthomaz.com\/prafrentebrasil\/wp-json\/wp\/v2\/categories?post=2905"},{"taxonomy":"post_tag","embeddable":true,"href":"https:\/\/projetos.webthomaz.com\/prafrentebrasil\/wp-json\/wp\/v2\/tags?post=2905"}],"curies":[{"name":"wp","href":"https:\/\/api.w.org\/{rel}","templated":true}]}}