{"id":2901,"date":"2025-11-12T16:30:51","date_gmt":"2025-11-12T16:30:51","guid":{"rendered":"http:\/\/projetos.webthomaz.com\/prafrentebrasil\/?p=2901"},"modified":"2025-11-12T18:07:04","modified_gmt":"2025-11-12T18:07:04","slug":"pra-frente-brasil-e-siga-verd-e-um-futuro-mais-sustentavel","status":"publish","type":"post","link":"https:\/\/projetos.webthomaz.com\/prafrentebrasil\/pra-frente-brasil-e-siga-verd-e-um-futuro-mais-sustentavel\/","title":{"rendered":"Pra Frente Brasil e Siga Verd-e. Um futuro mais sustent\u00e1vel!"},"content":{"rendered":"\n<p>A Transportadora Pra Frente Brasil acaba de dar mais um passo rumo \u00e0 excel\u00eancia e \u00e0 responsabilidade ambiental. Fechamos uma parceria estrat\u00e9gica com a&nbsp;<strong>Siga-Verde<\/strong>, empresa refer\u00eancia em solu\u00e7\u00f5es para mensura\u00e7\u00e3o e redu\u00e7\u00e3o das emiss\u00f5es de poluentes no transporte de cargas. \u2705<\/p>\n\n\n\n<p>O objetivo \u00e9 claro:&nbsp;<strong>aliar efici\u00eancia log\u00edstica a pr\u00e1ticas sustent\u00e1veis.<\/strong><\/p>\n\n\n\n<p>Com essa colabora\u00e7\u00e3o, passaremos a monitorar e validar, com precis\u00e3o t\u00e9cnica, as emiss\u00f5es de CO\u2082e geradas por toda a nossa opera\u00e7\u00e3o, desde viagens e deslocamentos internos at\u00e9 o uso de ar-condicionado e outros fatores que comp\u00f5em nosso invent\u00e1rio de emiss\u00f5es. Os resultados ser\u00e3o visualizados em tempo real, o que permitir\u00e1 ajustes r\u00e1pidos e eficazes para reduzir o impacto ambiental.<\/p>\n\n\n\n<p><strong>Entre os benef\u00edcios de curto prazo, destacam-se:<\/strong><\/p>\n\n\n\n<ul class=\"wp-block-list\">\n<li>Monitoramento integral e t\u00e9cnico das emiss\u00f5es;<\/li>\n\n\n\n<li>Valida\u00e7\u00e3o dos c\u00e1lculos de CO\u2082e;<\/li>\n\n\n\n<li>Resultados em tempo real;<\/li>\n\n\n\n<li>Suporte especializado para atender \u00e0s melhores pr\u00e1ticas de sustentabilidade.<\/li>\n<\/ul>\n\n\n\n<p>A m\u00e9dio e longo prazo, a parceria com a Siga-Verde trar\u00e1 ainda mais ganhos, como a compensa\u00e7\u00e3o de emiss\u00f5es por meio de projetos sustent\u00e1veis, economia de recursos, otimiza\u00e7\u00e3o de processos e diferencia\u00e7\u00e3o positiva no mercado.<\/p>\n\n\n\n<p>Acreditamos que o futuro do transporte passa por unir tecnologia, responsabilidade e vis\u00e3o estrat\u00e9gica.<br>Com a Siga-Verde, seguimos&nbsp;<strong>Pra Frente<\/strong>&nbsp;na estrada da sustentabilidade.&nbsp;\ud83c\udf31<\/p>\n","protected":false},"excerpt":{"rendered":"<p>A Transportadora Pra Frente Brasil acaba de dar mais um passo rumo \u00e0 excel\u00eancia e \u00e0 responsabilidade ambiental. Fechamos uma parceria estrat\u00e9gica com a&nbsp;Siga-Verde, empresa refer\u00eancia em solu\u00e7\u00f5es para mensura\u00e7\u00e3o e redu\u00e7\u00e3o das emiss\u00f5es de poluentes no transporte de cargas. \u2705 O objetivo \u00e9 claro:&nbsp;aliar efici\u00eancia log\u00edstica a pr\u00e1ticas sustent\u00e1veis. Com essa colabora\u00e7\u00e3o, passaremos a [&hellip;]<\/p>\n","protected":false},"author":1,"featured_media":2903,"comment_status":"open","ping_status":"open","sticky":false,"template":"","format":"standard","meta":{"_joinchat":[],"footnotes":""},"categories":[1],"tags":[],"class_list":["post-2901","post","type-post","status-publish","format-standard","has-post-thumbnail","hentry","category-uncategorized"],"_links":{"self":[{"href":"https:\/\/projetos.webthomaz.com\/prafrentebrasil\/wp-json\/wp\/v2\/posts\/2901","targetHints":{"allow":["GET"]}}],"collection":[{"href":"https:\/\/projetos.webthomaz.com\/prafrentebrasil\/wp-json\/wp\/v2\/posts"}],"about":[{"href":"https:\/\/projetos.webthomaz.com\/prafrentebrasil\/wp-json\/wp\/v2\/types\/post"}],"author":[{"embeddable":true,"href":"https:\/\/projetos.webthomaz.com\/prafrentebrasil\/wp-json\/wp\/v2\/users\/1"}],"replies":[{"embeddable":true,"href":"https:\/\/projetos.webthomaz.com\/prafrentebrasil\/wp-json\/wp\/v2\/comments?post=2901"}],"version-history":[{"count":1,"href":"https:\/\/projetos.webthomaz.com\/prafrentebrasil\/wp-json\/wp\/v2\/posts\/2901\/revisions"}],"predecessor-version":[{"id":2904,"href":"https:\/\/projetos.webthomaz.com\/prafrentebrasil\/wp-json\/wp\/v2\/posts\/2901\/revisions\/2904"}],"wp:featuredmedia":[{"embeddable":true,"href":"https:\/\/projetos.webthomaz.com\/prafrentebrasil\/wp-json\/wp\/v2\/media\/2903"}],"wp:attachment":[{"href":"https:\/\/projetos.webthomaz.com\/prafrentebrasil\/wp-json\/wp\/v2\/media?parent=2901"}],"wp:term":[{"taxonomy":"category","embeddable":true,"href":"https:\/\/projetos.webthomaz.com\/prafrentebrasil\/wp-json\/wp\/v2\/categories?post=2901"},{"taxonomy":"post_tag","embeddable":true,"href":"https:\/\/projetos.webthomaz.com\/prafrentebrasil\/wp-json\/wp\/v2\/tags?post=2901"}],"curies":[{"name":"wp","href":"https:\/\/api.w.org\/{rel}","templated":true}]}}