{"id":2898,"date":"2025-11-12T16:29:49","date_gmt":"2025-11-12T16:29:49","guid":{"rendered":"http:\/\/projetos.webthomaz.com\/prafrentebrasil\/?p=2898"},"modified":"2025-11-12T18:07:07","modified_gmt":"2025-11-12T18:07:07","slug":"iso-39001-um-compromisso-com-a-vida-nas-estradas","status":"publish","type":"post","link":"https:\/\/projetos.webthomaz.com\/prafrentebrasil\/iso-39001-um-compromisso-com-a-vida-nas-estradas\/","title":{"rendered":"ISO 39001 \u2022 Um compromisso com a vida nas estradas"},"content":{"rendered":"\n<p>Temos um novo motivo para celebrar&nbsp;\u2014 e, acima de tudo, para reafirmar o nosso prop\u00f3sito. Acabamos de conquistar a certifica\u00e7\u00e3o ISO 39001, uma das mais importantes normas internacionais voltadas \u00e0&nbsp;<strong>gest\u00e3o da seguran\u00e7a vi\u00e1ria.<\/strong>&nbsp;\ud83c\udfc6<br>Essa certifica\u00e7\u00e3o representa muito mais do que um selo de qualidade. Ela simboliza o compromisso di\u00e1rio da nossa equipe com a preserva\u00e7\u00e3o da vida, tanto dos nossos colaboradores quanto de todos que compartilham as estradas com a gente.<br><strong><\/strong><\/p>\n\n\n\n<p><strong>O que \u00e9 a ISO 39001?<\/strong><\/p>\n\n\n\n<p>A ISO 39001 \u00e9 uma norma internacional que estabelece requisitos para um sistema voltado \u00e0 seguran\u00e7a no tr\u00e2nsito. Seu objetivo \u00e9 reduzir mortes e les\u00f5es graves causadas por acidentes vi\u00e1rios&nbsp;\u2014 algo que vai ao encontro do nosso jeito de operar: com responsabilidade, planejamento e foco total na seguran\u00e7a.<br><br><strong>Seguran\u00e7a que vai al\u00e9m do Volante.<\/strong><\/p>\n\n\n\n<p>Na pr\u00e1tica, essa conquista \u00e9 resultado de uma s\u00e9rie de a\u00e7\u00f5es que j\u00e1 fazem parte da nossa rotina:<\/p>\n\n\n\n<p><strong>Treinamentos constantes<\/strong>&nbsp;para motoristas e equipes operacionais;<br><strong>Investimento em tecnologia&nbsp;<\/strong>de monitoramento e preven\u00e7\u00e3o de riscos;<br><strong>Cultura de melhoria cont\u00ednua,&nbsp;<\/strong>com auditorias e revis\u00f5es de processos;<br><strong>Engajamento de todos os setores&nbsp;<\/strong>em torno de um objetivo comum: preservar vidas.<br><br>Cada quil\u00f4metro rodado, cada entrega realizada, cada decis\u00e3o tomara dentro da nossa empresa passa agora por um sistema de gest\u00e3o ainda mais robusto&nbsp;\u2014&nbsp;que coloca a seguran\u00e7a vi\u00e1ria como prioridade absoluta. \u2705<br><br><strong>Uma Conquista Coletiva<\/strong><\/p>\n\n\n\n<p>Essa certifica\u00e7\u00e3o \u00e9 de toda a nossa equipe. Mas tamb\u00e9m \u00e9 de quem acredita no nosso trabalho:&nbsp;<strong>clientes, parceiros, comunidades e fam\u00edlias<\/strong>&nbsp;que nos acompanham nessa jornada.<br>Agradecemos a cada colaborador que contribuiu para tornar esse momento poss\u00edvel. Continuamos firmes na estrada, com excel\u00eancia nos servi\u00e7os e responsabilidade em cada decis\u00e3o.<\/p>\n\n\n\n<p>Porque, para n\u00f3s, transportar \u00e9 mais do que mover cargas.<br><strong>\u00c9 proteger vidas. \ud83d\udc99<\/strong><\/p>\n","protected":false},"excerpt":{"rendered":"<p>Temos um novo motivo para celebrar&nbsp;\u2014 e, acima de tudo, para reafirmar o nosso prop\u00f3sito. Acabamos de conquistar a certifica\u00e7\u00e3o ISO 39001, uma das mais importantes normas internacionais voltadas \u00e0&nbsp;gest\u00e3o da seguran\u00e7a vi\u00e1ria.&nbsp;\ud83c\udfc6Essa certifica\u00e7\u00e3o representa muito mais do que um selo de qualidade. Ela simboliza o compromisso di\u00e1rio da nossa equipe com a preserva\u00e7\u00e3o da [&hellip;]<\/p>\n","protected":false},"author":1,"featured_media":2899,"comment_status":"open","ping_status":"open","sticky":false,"template":"","format":"standard","meta":{"_joinchat":[],"footnotes":""},"categories":[1],"tags":[],"class_list":["post-2898","post","type-post","status-publish","format-standard","has-post-thumbnail","hentry","category-uncategorized"],"_links":{"self":[{"href":"https:\/\/projetos.webthomaz.com\/prafrentebrasil\/wp-json\/wp\/v2\/posts\/2898","targetHints":{"allow":["GET"]}}],"collection":[{"href":"https:\/\/projetos.webthomaz.com\/prafrentebrasil\/wp-json\/wp\/v2\/posts"}],"about":[{"href":"https:\/\/projetos.webthomaz.com\/prafrentebrasil\/wp-json\/wp\/v2\/types\/post"}],"author":[{"embeddable":true,"href":"https:\/\/projetos.webthomaz.com\/prafrentebrasil\/wp-json\/wp\/v2\/users\/1"}],"replies":[{"embeddable":true,"href":"https:\/\/projetos.webthomaz.com\/prafrentebrasil\/wp-json\/wp\/v2\/comments?post=2898"}],"version-history":[{"count":1,"href":"https:\/\/projetos.webthomaz.com\/prafrentebrasil\/wp-json\/wp\/v2\/posts\/2898\/revisions"}],"predecessor-version":[{"id":2900,"href":"https:\/\/projetos.webthomaz.com\/prafrentebrasil\/wp-json\/wp\/v2\/posts\/2898\/revisions\/2900"}],"wp:featuredmedia":[{"embeddable":true,"href":"https:\/\/projetos.webthomaz.com\/prafrentebrasil\/wp-json\/wp\/v2\/media\/2899"}],"wp:attachment":[{"href":"https:\/\/projetos.webthomaz.com\/prafrentebrasil\/wp-json\/wp\/v2\/media?parent=2898"}],"wp:term":[{"taxonomy":"category","embeddable":true,"href":"https:\/\/projetos.webthomaz.com\/prafrentebrasil\/wp-json\/wp\/v2\/categories?post=2898"},{"taxonomy":"post_tag","embeddable":true,"href":"https:\/\/projetos.webthomaz.com\/prafrentebrasil\/wp-json\/wp\/v2\/tags?post=2898"}],"curies":[{"name":"wp","href":"https:\/\/api.w.org\/{rel}","templated":true}]}}