{"id":2895,"date":"2025-11-12T16:29:03","date_gmt":"2025-11-12T16:29:03","guid":{"rendered":"http:\/\/projetos.webthomaz.com\/prafrentebrasil\/?p=2895"},"modified":"2025-11-12T18:07:11","modified_gmt":"2025-11-12T18:07:11","slug":"motorista-destaque-24-25-uma-homenagem-a-excelencia-na-estrada","status":"publish","type":"post","link":"https:\/\/projetos.webthomaz.com\/prafrentebrasil\/motorista-destaque-24-25-uma-homenagem-a-excelencia-na-estrada\/","title":{"rendered":"Motorista Destaque 24\/25: uma homenagem \u00e0 excel\u00eancia na estrada"},"content":{"rendered":"\n<p>Na estrada da responsabilidade, seguran\u00e7a \u00e9 o destino \u2014 e reconhecer quem dirige com excel\u00eancia \u00e9 parte do nosso compromisso com o futuro do transporte. \u2705<\/p>\n\n\n\n<p>Foi com esse esp\u00edrito que realizamos o evento&nbsp;<strong>Motorista Destaque 24\/25<\/strong>, uma celebra\u00e7\u00e3o que reuniu colaboradores, lideran\u00e7as e, claro, os protagonistas dessa jornada:&nbsp;<strong>nossos motoristas<\/strong>.<\/p>\n\n\n\n<p>Logo na chegada, um ambiente acolhedor: caf\u00e9, sorrisos e aquele clima de festa. O palco estava preparado n\u00e3o apenas para entregar pr\u00eamios, mas para&nbsp;<strong>valorizar atitudes que salvam vidas<\/strong>.<\/p>\n\n\n\n<p>Durante o evento, ouvimos palavras inspiradoras do nosso presidente,&nbsp;<strong>Deoclides Zini<\/strong>, e acompanhamos de perto os n\u00fameros que mostram a for\u00e7a dessa campanha:<\/p>\n\n\n\n<ul class=\"wp-block-list\">\n<li>Mais de\u00a0<strong>6.300 cupons gerados<\/strong><\/li>\n\n\n\n<li><strong>57 motoristas Diamante<\/strong>, com ZERO viola\u00e7\u00f5es em 12 meses<\/li>\n<\/ul>\n\n\n\n<p>Um marco que refor\u00e7a o quanto&nbsp;<strong>seguran\u00e7a \u00e9 cultura, \u00e9 rotina, \u00e9 resultado<\/strong>.<\/p>\n\n\n\n<p>Al\u00e9m dos reconhecimentos simb\u00f3licos, tivemos sorteios incr\u00edveis \u2014 com direito a&nbsp;<strong>carro e moto 0KM<\/strong>, entregues a motoristas que realmente merecem estar no topo. \ud83d\udc4f\ud83c\udffc<\/p>\n\n\n\n<p>E o melhor: j\u00e1 anunciamos a pr\u00f3xima edi\u00e7\u00e3o!&nbsp;<strong>Motorista Destaque 25\/26 vem a\u00ed<\/strong>, com novas metas, incentivos e oportunidades para quem faz da dire\u00e7\u00e3o um ato de responsabilidade.<\/p>\n\n\n\n<p>Aos nossos motoristas, fica o nosso aplauso.<br>Aos envolvidos na realiza\u00e7\u00e3o, o nosso reconhecimento.<br>E ao futuro, o nosso compromisso de seguir&nbsp;<strong>Pra Frente<\/strong>, com seguran\u00e7a, valoriza\u00e7\u00e3o e respeito nas estradas. \ud83d\udc99\ud83d\ude9a<\/p>\n","protected":false},"excerpt":{"rendered":"<p>Na estrada da responsabilidade, seguran\u00e7a \u00e9 o destino \u2014 e reconhecer quem dirige com excel\u00eancia \u00e9 parte do nosso compromisso com o futuro do transporte. \u2705 Foi com esse esp\u00edrito que realizamos o evento&nbsp;Motorista Destaque 24\/25, uma celebra\u00e7\u00e3o que reuniu colaboradores, lideran\u00e7as e, claro, os protagonistas dessa jornada:&nbsp;nossos motoristas. Logo na chegada, um ambiente acolhedor: [&hellip;]<\/p>\n","protected":false},"author":1,"featured_media":2896,"comment_status":"open","ping_status":"open","sticky":false,"template":"","format":"standard","meta":{"_joinchat":[],"footnotes":""},"categories":[1],"tags":[],"class_list":["post-2895","post","type-post","status-publish","format-standard","has-post-thumbnail","hentry","category-uncategorized"],"_links":{"self":[{"href":"https:\/\/projetos.webthomaz.com\/prafrentebrasil\/wp-json\/wp\/v2\/posts\/2895","targetHints":{"allow":["GET"]}}],"collection":[{"href":"https:\/\/projetos.webthomaz.com\/prafrentebrasil\/wp-json\/wp\/v2\/posts"}],"about":[{"href":"https:\/\/projetos.webthomaz.com\/prafrentebrasil\/wp-json\/wp\/v2\/types\/post"}],"author":[{"embeddable":true,"href":"https:\/\/projetos.webthomaz.com\/prafrentebrasil\/wp-json\/wp\/v2\/users\/1"}],"replies":[{"embeddable":true,"href":"https:\/\/projetos.webthomaz.com\/prafrentebrasil\/wp-json\/wp\/v2\/comments?post=2895"}],"version-history":[{"count":1,"href":"https:\/\/projetos.webthomaz.com\/prafrentebrasil\/wp-json\/wp\/v2\/posts\/2895\/revisions"}],"predecessor-version":[{"id":2897,"href":"https:\/\/projetos.webthomaz.com\/prafrentebrasil\/wp-json\/wp\/v2\/posts\/2895\/revisions\/2897"}],"wp:featuredmedia":[{"embeddable":true,"href":"https:\/\/projetos.webthomaz.com\/prafrentebrasil\/wp-json\/wp\/v2\/media\/2896"}],"wp:attachment":[{"href":"https:\/\/projetos.webthomaz.com\/prafrentebrasil\/wp-json\/wp\/v2\/media?parent=2895"}],"wp:term":[{"taxonomy":"category","embeddable":true,"href":"https:\/\/projetos.webthomaz.com\/prafrentebrasil\/wp-json\/wp\/v2\/categories?post=2895"},{"taxonomy":"post_tag","embeddable":true,"href":"https:\/\/projetos.webthomaz.com\/prafrentebrasil\/wp-json\/wp\/v2\/tags?post=2895"}],"curies":[{"name":"wp","href":"https:\/\/api.w.org\/{rel}","templated":true}]}}